{"id":297,"date":"2017-11-06T13:47:00","date_gmt":"2017-11-06T15:47:00","guid":{"rendered":"http:\/\/www.ppt.fiocruz.br\/fiocancer\/?p=297"},"modified":"2017-11-06T13:47:00","modified_gmt":"2017-11-06T15:47:00","slug":"fiocruz-realiza-ii-simposio-do-programa-fio-cancer","status":"publish","type":"post","link":"https:\/\/ppt.fiocruz.br\/fiocancer\/fiocruz-realiza-ii-simposio-do-programa-fio-cancer\/","title":{"rendered":"Fiocruz realiza II Simp\u00f3sio do Programa Fio-C\u00e2ncer"},"content":{"rendered":"\n<p><em>Fonte:&nbsp;<a href=\"mailto:cesar.chevrand@fiocruz.br\">C\u00e9sar Guerra Chevrand (Ag\u00eancia Fiocruz de Not\u00edcias)<\/a><\/em><\/p>\n\n\n\n<p>A forma\u00e7\u00e3o e a estrutura\u00e7\u00e3o de uma carteira de projetos na \u00e1rea de oncologia e as oportunidades para capta\u00e7\u00e3o de recursos dentro e fora da Fiocruz foram os principais temas do 2\u00ba Simp\u00f3sio do Programa Fio-C\u00e2ncer, realizado nos dias 6 e 7 de junho em Manguinhos, no Rio de Janeiro. Promovido pela Vice-Presid\u00eancia de Pesquisa e Cole\u00e7\u00f5es Biol\u00f3gicas (VPPCB), o encontro reuniu mais de 100 inscritos, entre pesquisadores e gestores das diferentes unidades da Funda\u00e7\u00e3o Oswaldo Cruz.<\/p>\n\n\n\n<p>O Fio-C\u00e2ncer \u00e9 uma das onze redes de pesquisa translacionais da Fiocruz, que t\u00eam a meta de promover a articula\u00e7\u00e3o de grupos de pesquisa nas \u00e1reas biom\u00e9dica, cl\u00ednica, desenvolvimento tecnol\u00f3gico e sa\u00fade coletiva em torno de um determinado problema de sa\u00fade p\u00fablica. A&nbsp;<a href=\"https:\/\/agencia.fiocruz.br\/1o-simposio-fio-cancer-articula-grupos-de-pesquisa-da-fiocruz\" target=\"_blank\" rel=\"noreferrer noopener\"><strong>primeira edi\u00e7\u00e3o do Simp\u00f3sio Fio-C\u00e2ncer<\/strong><\/a>&nbsp;aconteceu em maio de 2016. De acordo com o vice-presidente de Pesquisa e Cole\u00e7\u00f5es Biol\u00f3gicas, Rodrigo Correa, a rede cumpre o papel de mapear e coordenar os esfor\u00e7os da Fiocruz na \u00e1rea de oncologia.<\/p>\n\n\n\n<p>\u201cA Presid\u00eancia da Fiocruz est\u00e1 trabalhando pela integra\u00e7\u00e3o de todas as vice-presid\u00eancias neste processo. Os programas j\u00e1 devem estar dentro deste contexto institucional. A ideia \u00e9 otimizar recursos e oferecer solu\u00e7\u00f5es para o Sistema \u00danico de Sa\u00fade (SUS)\u201d, disse Rodrigo.<\/p>\n\n\n\n<p>Al\u00e9m de mapear e estruturar as atividades em torno de objetivos estrat\u00e9gicos, a rede Fio-C\u00e2ncer tamb\u00e9m tem os objetivos de organizar n\u00facleos de atividades, identificar e implementar a\u00e7\u00f5es complementares com parceiros estrat\u00e9gicos, estabelecer financiamento e investir na forma\u00e7\u00e3o de pessoal. Respons\u00e1vel pela Coordena\u00e7\u00e3o dos Programas de Pesquisa Translacionais, Wim Degrave afirmou que as redes s\u00e3o formadas por pesquisadores de diversas \u00e1reas sob a l\u00f3gica da complementaridade e n\u00e3o da competi\u00e7\u00e3o.<\/p>\n\n\n\n<p>\u201c\u00c9 importante ver como a \u00e1rea de pesquisa da Fiocruz consegue se reorientar em pouco tempo, mesmo sem os recursos adequados. Os programas de pesquisa translacional t\u00eam essa miss\u00e3o de contribuir para a realiza\u00e7\u00e3o das metas da Fiocruz, de ter um impacto na sociedade com as nossas pesquisas\u201d, declarou Wim.<\/p>\n\n\n\n<p><strong>Financiamento de projetos<\/strong><\/p>\n\n\n\n<p>As diretrizes de gest\u00e3o e as oportunidades de financiamento para pesquisa estiveram em destaque no encontro. No desenho estrat\u00e9gico da rede, as principais linhas de a\u00e7\u00e3o s\u00e3o a elabora\u00e7\u00e3o de solu\u00e7\u00f5es em diagn\u00f3stico molecular e em an\u00e1lise progn\u00f3stica e a constru\u00e7\u00e3o de plataformas para identifica\u00e7\u00e3o de compostos com potencial terap\u00eautico. Uma das coordenadoras da Rede Fio-C\u00e2ncer, Adriana Bonomo tamb\u00e9m ressaltou a import\u00e2ncia da forma\u00e7\u00e3o de pessoal. \u201cEu n\u00e3o consigo ver o desenvolvimento sustent\u00e1vel de uma rede, seja de qualquer assunto, sem gente qualificada para sustentar isso. N\u00f3s temos que pensar em desenvolver algum programa de ensino na \u00e1rea de c\u00e2ncer\u201d, comentou.<\/p>\n\n\n\n<p>O mapeamento de oportunidades para custeio e financiamento da rede receber\u00e3o o apoio do Escrit\u00f3rio de Capta\u00e7\u00e3o de Recursos da Fiocruz. Convidado especial do 2\u00ba Simp\u00f3sio do Programa Fio-C\u00e2ncer, o coordenador do escrit\u00f3rio, Luis Donadio, apresentou as estrat\u00e9gias do n\u00facleo de capta\u00e7\u00e3o e as orienta\u00e7\u00f5es gerais sobre o assunto, especialmente sobre o Programa Nacional de Apoio \u00e0 Aten\u00e7\u00e3o Oncol\u00f3gica (Pronon) do Minist\u00e9rio da Sa\u00fade. Neste sentido, o alinhamento com parceiros estrat\u00e9gicos como a Universidade Federal de Minas Gerais (UFMG), a Universidade Federal do Rio de Janeiro (UFRJ) e o Instituto Nacional do C\u00e2ncer (Inca) \u00e9 apontado como fundamental para o sucesso do programa.<\/p>\n\n\n\n<p><strong>Editais e pr\u00e9-projetos<\/strong><\/p>\n\n\n\n<p>O simp\u00f3sio foi marcado pela apresenta\u00e7\u00e3o de pr\u00e9-projetos dos pesquisadores das diferentes unidades da Fiocruz. Ap\u00f3s avalia\u00e7\u00e3o por comit\u00ea independente, haver\u00e1 a forma\u00e7\u00e3o de carteira de projetos com prioriza\u00e7\u00e3o e o encaminhamento institucional dos projetos aos editais externos. Tamb\u00e9m est\u00e3o previstos editais internos, que n\u00e3o foram viabilizados em 2016. De acordo Martin Bonamino, da coordena\u00e7\u00e3o do Fio-C\u00e2ncer, o objetivo final do encontro \u00e9 \u201csair com a\u00e7\u00f5es mais orquestradas\u201d para 2017.<\/p>\n\n\n\n<p>\u201cN\u00f3s organizamos a rede no ano passado e identificamos 38 grupos de pesquisa na \u00e1rea de oncologia. Houve um n\u00famero grande de pr\u00e9-projetos apresentados neste 2\u00ba Simp\u00f3sio e o desafio agora \u00e9 formatar esses projetos de forma institucional e encontrar maneiras de custear a rede\u201d, disse Martin.<\/p>\n\n\n\n<p>Para conferir a programa\u00e7\u00e3o clique <a href=\"https:\/\/www.ppt.fiocruz.br\/fiocancer\/wp-content\/uploads\/sites\/2\/2021\/02\/PROGRAMA-II-SIMPOSIO-FIO-CANCER-06-e-07.06.2017.pdf\">aqui<\/a>.<\/p>\n","protected":false},"excerpt":{"rendered":"<p>Fonte:&nbsp;C\u00e9sar Guerra Chevrand (Ag\u00eancia Fiocruz de Not\u00edcias) A forma\u00e7\u00e3o e a estrutura\u00e7\u00e3o de uma carteira de projetos na \u00e1rea de [&hellip;]<\/p>\n","protected":false},"author":3,"featured_media":146,"comment_status":"closed","ping_status":"closed","sticky":false,"template":"","format":"standard","meta":{"footnotes":""},"categories":[17],"tags":[],"class_list":["post-297","post","type-post","status-publish","format-standard","has-post-thumbnail","hentry","category-noticias"],"_links":{"self":[{"href":"https:\/\/ppt.fiocruz.br\/fiocancer\/wp-json\/wp\/v2\/posts\/297","targetHints":{"allow":["GET"]}}],"collection":[{"href":"https:\/\/ppt.fiocruz.br\/fiocancer\/wp-json\/wp\/v2\/posts"}],"about":[{"href":"https:\/\/ppt.fiocruz.br\/fiocancer\/wp-json\/wp\/v2\/types\/post"}],"author":[{"embeddable":true,"href":"https:\/\/ppt.fiocruz.br\/fiocancer\/wp-json\/wp\/v2\/users\/3"}],"replies":[{"embeddable":true,"href":"https:\/\/ppt.fiocruz.br\/fiocancer\/wp-json\/wp\/v2\/comments?post=297"}],"version-history":[{"count":0,"href":"https:\/\/ppt.fiocruz.br\/fiocancer\/wp-json\/wp\/v2\/posts\/297\/revisions"}],"wp:featuredmedia":[{"embeddable":true,"href":"https:\/\/ppt.fiocruz.br\/fiocancer\/wp-json\/wp\/v2\/media\/146"}],"wp:attachment":[{"href":"https:\/\/ppt.fiocruz.br\/fiocancer\/wp-json\/wp\/v2\/media?parent=297"}],"wp:term":[{"taxonomy":"category","embeddable":true,"href":"https:\/\/ppt.fiocruz.br\/fiocancer\/wp-json\/wp\/v2\/categories?post=297"},{"taxonomy":"post_tag","embeddable":true,"href":"https:\/\/ppt.fiocruz.br\/fiocancer\/wp-json\/wp\/v2\/tags?post=297"}],"curies":[{"name":"wp","href":"https:\/\/api.w.org\/{rel}","templated":true}]}}