{"id":300,"date":"2018-11-06T13:51:00","date_gmt":"2018-11-06T15:51:00","guid":{"rendered":"http:\/\/www.ppt.fiocruz.br\/fiocancer\/?p=300"},"modified":"2018-11-06T13:51:00","modified_gmt":"2018-11-06T15:51:00","slug":"programa-de-pesquisa-translacional-em-cancer-realiza-iii-simposio-da-rede","status":"publish","type":"post","link":"https:\/\/ppt.fiocruz.br\/fiocancer\/programa-de-pesquisa-translacional-em-cancer-realiza-iii-simposio-da-rede\/","title":{"rendered":"Programa de Pesquisa Translacional em C\u00e2ncer realiza III Simp\u00f3sio da Rede"},"content":{"rendered":"\n<p><em>Fonte: Kath Lousada | VPPCB (Portal Fiocruz)<\/em><\/p>\n\n\n\n<p><strong>Fio-C\u00e2ncer estimula a parceria extramuro e apresenta iniciativas educacionais<\/strong><\/p>\n\n\n\n<p>Dados da Organiza\u00e7\u00e3o Mundial da Sa\u00fade (OMS) apontam que o c\u00e2ncer \u00e9 a segunda causa de morte no mundo, sendo cerca de 70% ocorridas em pa\u00edses de baixa e m\u00e9dia renda. As causas mais comuns est\u00e3o associadas ao comportamento alimentar, \u00e0 falta de atividade f\u00edsica, ao consumo de \u00e1lcool e tabaco, sendo este \u00faltimo o principal fator de risco, causa de 22% dos \u00f3bitos. H\u00e1 outros fatores, de origem interna, geneticamente pr\u00e9-determinadas, que est\u00e3o relacionadas \u00e0 capacidade do organismo de se defender das agress\u00f5es externas.<\/p>\n\n\n\n<p>O conjunto de doen\u00e7as que provoca o crescimento desordenado de c\u00e9lulas que invadem os tecidos e \u00f3rg\u00e3os \u00e9 denominado c\u00e2ncer. Nesta tem\u00e1tica, h\u00e1 tr\u00eas anos o Programa de Pesquisa Translacional (PPT) desenvolve a rede Fio-C\u00e2ncer, no qual grupos de pesquisadores da Fiocruz se articulam para avan\u00e7ar nas a\u00e7\u00f5es de enfretamento e compreens\u00e3o dos diversos tipos da doen\u00e7a.<\/p>\n\n\n\n<p>Como forma de avaliar e revisar as atividades em andamento, nos dias 29 e 30 de agosto, o Programa de Pesquisa Translacional realizou o III Simp\u00f3sio Fio-C\u00e2ncer no audit\u00f3rio do Museu Vida, reunindo pesquisadores que comp\u00f5e a rede de pesquisa de diversas Unidades da Fiocruz, al\u00e9m de participantes de institui\u00e7\u00f5es externas. A iniciativa \u00e9 vinculada \u00e0 Vice-Presid\u00eancia de Pesquisa e Cole\u00e7\u00f5es Biol\u00f3gicas da Fiocruz (VPPCB).<\/p>\n\n\n\n<p>A programa\u00e7\u00e3o do evento foi organizada em apresenta\u00e7\u00f5es orais de 13 trabalhos da rede Fio-C\u00e2ncer, exposi\u00e7\u00e3o de 40 p\u00f4steres, discuss\u00e3o de canais de fomento, acompanhamento e debate sobre os trabalhos que comp\u00f5e as minirredes de pesquisa \u2013 que consistem em n\u00facleos tem\u00e1ticos de estudos na grande \u00e1rea do c\u00e2ncer \u2013 e compartilhamento de experiencias.<\/p>\n\n\n\n<p>Para abrir o simp\u00f3sio, estiveram presentes o vice-presidente de Pesquisa e Cole\u00e7\u00f5es Biol\u00f3gica, Rodrigo Correa, o coordenador geral do Programa de Pesquisa Translacional e assessor da VPPCB, Wim Degrave, e os coordenadores da Fio-C\u00e2ncer, os pesquisadores Mart\u00edn Bonamino e Adriana Bonomo.<\/p>\n\n\n\n<p>Para Rodrigo, a reuni\u00e3o \u00e9 fundamental para o andamento do Programa, pois \u201ca finalidade do simp\u00f3sio \u00e9 avaliar o que est\u00e1 sendo feito, em uma an\u00e1lise cr\u00edtica, a fim de apontar para onde devemos seguir\u201d. Rodrigo elogiou a forma r\u00e1pida e eficiente como a rede se estruturou em um cen\u00e1rio de dificuldade de recursos financeiros. &nbsp;<\/p>\n\n\n\n<p>Wim Degrave afirmou que cada rede translacional tem sua din\u00e2mica determinada pelos grupos participantes e coordenadores, sendo o Fio-C\u00e2ncer uma das redes mais din\u00e2micas. \u201cPor ser um campo relativamente novo na Fiocruz, os resultados neste terceiro ano de atividade s\u00e3o animadores. Os grupos de pesquisa de v\u00e1rios laborat\u00f3rios se juntaram e interagem com bastante facilidade, o que \u00e9 o objetivo de uma rede\u201d, disse.<\/p>\n\n\n\n<p>O pesquisador e co-coordenador do Fio-C\u00e2ncer, Mart\u00edn Bonamino, apresentou o resumo das atividades realizadas nos \u00faltimos 14 meses e enfatizou a relev\u00e2ncia da rede criar a\u00e7\u00f5es extramuros, estabelecendo parcerias. Bonamino citou o caso da A.C. Camargo Cancer Center, institui\u00e7\u00e3o com o qual foram estabelecidas parcerias e h\u00e1 prospec\u00e7\u00e3o de poss\u00edveis projetos conjuntos.<\/p>\n\n\n\n<p>A exposi\u00e7\u00e3o de Bonamino considerou, ainda, um parecer sobre o desempenho dos projetos apresentados no edital lan\u00e7ado em 2017 para forma\u00e7\u00e3o da carteira de projetos do Fio-C\u00e2ncer. A recomenda\u00e7\u00e3o dos projetos teve como premissa aqueles que integrassem mais de uma unidade e tivessem vi\u00e9s competitivo para ampliar a possibilidade capta\u00e7\u00e3o de investimento externo. Para fazer esta an\u00e1lise, foi convidado um comit\u00ea ad hoc. O resultado foi a submiss\u00e3o de 28 projetos sendo 8 recomendados pelo comit\u00ea de avalia\u00e7\u00e3o para envio a editais espec\u00edficos extramuros. \u201cTodos os projetos submetidos s\u00e3o de interesse da rede, mas do ponto de vista externo, pelos avaliadores, 8 projetos foram recomendados como estruturados e competitivos o suficiente para concorrer a financiamentos externos neste momento\u201d, pontuou Bonamino. De acordo com os coordenadores do Fio-C\u00e2ncer, este processo ser\u00e1 refeito para que os demais projetos possam se reorganizar. Ainda como resultado da avalia\u00e7\u00e3o, dentre os 8 projetos, 3 foram indicados para concorrer ao PRONON, o Programa Nacional de Apoio \u00e0 Aten\u00e7\u00e3o Oncol\u00f3gica, que \u00e9 a chamada do Minist\u00e9rio da Sa\u00fade para ren\u00fancia fiscal com vistas ao fomento ou financiamento de projetos em oncologia, limitado a tr\u00eas projetos por institui\u00e7\u00e3o proponente.<\/p>\n\n\n\n<p><strong>Iniciativas educacionais e capacita\u00e7\u00e3o em oncologia<\/strong><\/p>\n\n\n\n<p>Adriana Bonomo, pesquisadora e co-coordenadora do Fio-C\u00e2ncer, falou sobre a elabora\u00e7\u00e3o de um programa especial de forma\u00e7\u00e3o em c\u00e2ncer, transversal, destinado a doutorandos.&nbsp;<br>\u201cO programa n\u00e3o ser\u00e1 sediado em nenhuma das p\u00f3s-gradua\u00e7\u00f5es existentes no pa\u00eds.\u201d A proposta \u00e9 que ao ser aprovado para o doutorado, o aluno opte por fazer parte ou n\u00e3o do programa Fio-C\u00e2ncer. Ao ser selecionado, o doutorando dever\u00e1 atender a alguns crit\u00e9rios extra para receber o certificado, uma habilita\u00e7\u00e3o para pesquisa em oncologia. \u201cObviamente, para isso, ter\u00e1 que ter um projeto compat\u00edvel em c\u00e2ncer\u201d, esclarece Adriana.<\/p>\n\n\n\n<p>Al\u00e9m das disciplinas, est\u00e3o previstos workshops, jornadas de p\u00f3s-gradua\u00e7\u00e3o, semin\u00e1rios por web e bolsas.<\/p>\n\n\n\n<p>Adriana disse que foi feito um levantamento de todas as disciplinas que comp\u00f5e a grade das p\u00f3s-gradua\u00e7\u00f5es que seriam indispens\u00e1veis para a rede Fio-C\u00e2ncer. A compatibilidade de alguns temas a serem estudados viabiliza a \u201cjornada dupla\u201d para o aluno, que muito j\u00e1 ser\u00e1 demandando pelo pr\u00f3prio programa.&nbsp;<\/p>\n\n\n\n<p>Ap\u00f3s um primeiro ano desta iniciativa, est\u00e1 em pauta realizar outras parcerias de disciplinas com novas institui\u00e7\u00f5es pelo Brasil.&nbsp;<\/p>\n\n\n\n<p>A coordena\u00e7\u00e3o das p\u00f3s-gradua\u00e7\u00f5es da Fiocruz (Vice-Presid\u00eancia de Ensino, Informa\u00e7\u00e3o e Comunica\u00e7\u00e3o) est\u00e1 atuando da mesma forma para as outras redes do Programa de Pesquisa Translacional. \u201cEssa \u00e9 uma iniciativa que minimiza desgastes e otimiza recursos\u201d, diz Adriana.<\/p>\n\n\n\n<p>Para conferir a programa\u00e7\u00e3o clique <a href=\"https:\/\/www.ppt.fiocruz.br\/fiocancer\/wp-content\/uploads\/sites\/2\/2021\/02\/PROGRAMA-III-SIMPOSIO-DO-FIO-CANCER-2018.pdf\">aqui<\/a>.<\/p>\n","protected":false},"excerpt":{"rendered":"<p>Fonte: Kath Lousada | VPPCB (Portal Fiocruz) Fio-C\u00e2ncer estimula a parceria extramuro e apresenta iniciativas educacionais Dados da Organiza\u00e7\u00e3o Mundial [&hellip;]<\/p>\n","protected":false},"author":3,"featured_media":302,"comment_status":"closed","ping_status":"closed","sticky":false,"template":"","format":"standard","meta":{"footnotes":""},"categories":[17],"tags":[],"class_list":["post-300","post","type-post","status-publish","format-standard","has-post-thumbnail","hentry","category-noticias"],"_links":{"self":[{"href":"https:\/\/ppt.fiocruz.br\/fiocancer\/wp-json\/wp\/v2\/posts\/300","targetHints":{"allow":["GET"]}}],"collection":[{"href":"https:\/\/ppt.fiocruz.br\/fiocancer\/wp-json\/wp\/v2\/posts"}],"about":[{"href":"https:\/\/ppt.fiocruz.br\/fiocancer\/wp-json\/wp\/v2\/types\/post"}],"author":[{"embeddable":true,"href":"https:\/\/ppt.fiocruz.br\/fiocancer\/wp-json\/wp\/v2\/users\/3"}],"replies":[{"embeddable":true,"href":"https:\/\/ppt.fiocruz.br\/fiocancer\/wp-json\/wp\/v2\/comments?post=300"}],"version-history":[{"count":0,"href":"https:\/\/ppt.fiocruz.br\/fiocancer\/wp-json\/wp\/v2\/posts\/300\/revisions"}],"wp:featuredmedia":[{"embeddable":true,"href":"https:\/\/ppt.fiocruz.br\/fiocancer\/wp-json\/wp\/v2\/media\/302"}],"wp:attachment":[{"href":"https:\/\/ppt.fiocruz.br\/fiocancer\/wp-json\/wp\/v2\/media?parent=300"}],"wp:term":[{"taxonomy":"category","embeddable":true,"href":"https:\/\/ppt.fiocruz.br\/fiocancer\/wp-json\/wp\/v2\/categories?post=300"},{"taxonomy":"post_tag","embeddable":true,"href":"https:\/\/ppt.fiocruz.br\/fiocancer\/wp-json\/wp\/v2\/tags?post=300"}],"curies":[{"name":"wp","href":"https:\/\/api.w.org\/{rel}","templated":true}]}}