{"id":448,"date":"2023-10-18T12:34:27","date_gmt":"2023-10-18T15:34:27","guid":{"rendered":"https:\/\/www.ppt.fiocruz.br\/fiocancer\/?p=448"},"modified":"2023-10-18T12:34:27","modified_gmt":"2023-10-18T15:34:27","slug":"11o-congresso-internacional-oncoclinicas","status":"publish","type":"post","link":"https:\/\/ppt.fiocruz.br\/fiocancer\/11o-congresso-internacional-oncoclinicas\/","title":{"rendered":"Fiocruz participa do 11\u00ba Congresso Internacional Oncocl\u00ednicas com o CIPOT"},"content":{"rendered":"\n<p>O&nbsp;<strong>11\u00ba Congresso Internacional Oncocl\u00ednicas e Dana-Farber Cancer Institute<\/strong> foi realizado de 14 e 16 de setembro, em formato h\u00edbrido, no WTC S\u00e3o Paulo Events Center.<\/p>\n\n\n\n<p>O evento contou com a participa\u00e7\u00e3o de mais de 300 palestrantes, entre convidados nacionais e internacionais, com a apresenta\u00e7\u00e3o de 16&nbsp;m\u00f3dulos, nas tem\u00e1ticas de ginecologia, pulm\u00e3o, mama, urologia, hematologia, gastrointestinal, medicina de precis\u00e3o, sarcoma, pele, cabe\u00e7a e pesco\u00e7o, sistema nervoso central, multidisciplinar, cuidados paliativos, neuroend\u00f3crinos, onco-hemato-pediatria, radioterapia.<\/p>\n\n\n\n<p>Para conferir a programa\u00e7\u00e3o acesse <a href=\"https:\/\/congressooncoclinicas.com.br\/evento\/oncoclinicas2023\/programacao\/lista\">aqui<\/a>.<\/p>\n\n\n\n<figure class=\"wp-block-embed is-type-video is-provider-youtube wp-block-embed-youtube wp-embed-aspect-16-9 wp-has-aspect-ratio\"><div class=\"wp-block-embed__wrapper\">\n<iframe loading=\"lazy\" title=\"Fiocruz participa do 11\u00ba Congresso Internacional Oncocl\u00ednicas com o CIPOT\" width=\"1170\" height=\"658\" src=\"https:\/\/www.youtube.com\/embed\/yXhJP1eQMng?feature=oembed\" frameborder=\"0\" allow=\"accelerometer; autoplay; clipboard-write; encrypted-media; gyroscope; picture-in-picture; web-share\" allowfullscreen><\/iframe>\n<\/div><\/figure>\n","protected":false},"excerpt":{"rendered":"<p>O&nbsp;11\u00ba Congresso Internacional Oncocl\u00ednicas e Dana-Farber Cancer Institute foi realizado de 14 e 16 de setembro, em formato h\u00edbrido, no [&hellip;]<\/p>\n","protected":false},"author":3,"featured_media":455,"comment_status":"closed","ping_status":"closed","sticky":false,"template":"","format":"standard","meta":{"footnotes":""},"categories":[11,17],"tags":[],"class_list":["post-448","post","type-post","status-publish","format-standard","has-post-thumbnail","hentry","category-fio-cancer","category-noticias"],"_links":{"self":[{"href":"https:\/\/ppt.fiocruz.br\/fiocancer\/wp-json\/wp\/v2\/posts\/448","targetHints":{"allow":["GET"]}}],"collection":[{"href":"https:\/\/ppt.fiocruz.br\/fiocancer\/wp-json\/wp\/v2\/posts"}],"about":[{"href":"https:\/\/ppt.fiocruz.br\/fiocancer\/wp-json\/wp\/v2\/types\/post"}],"author":[{"embeddable":true,"href":"https:\/\/ppt.fiocruz.br\/fiocancer\/wp-json\/wp\/v2\/users\/3"}],"replies":[{"embeddable":true,"href":"https:\/\/ppt.fiocruz.br\/fiocancer\/wp-json\/wp\/v2\/comments?post=448"}],"version-history":[{"count":0,"href":"https:\/\/ppt.fiocruz.br\/fiocancer\/wp-json\/wp\/v2\/posts\/448\/revisions"}],"wp:featuredmedia":[{"embeddable":true,"href":"https:\/\/ppt.fiocruz.br\/fiocancer\/wp-json\/wp\/v2\/media\/455"}],"wp:attachment":[{"href":"https:\/\/ppt.fiocruz.br\/fiocancer\/wp-json\/wp\/v2\/media?parent=448"}],"wp:term":[{"taxonomy":"category","embeddable":true,"href":"https:\/\/ppt.fiocruz.br\/fiocancer\/wp-json\/wp\/v2\/categories?post=448"},{"taxonomy":"post_tag","embeddable":true,"href":"https:\/\/ppt.fiocruz.br\/fiocancer\/wp-json\/wp\/v2\/tags?post=448"}],"curies":[{"name":"wp","href":"https:\/\/api.w.org\/{rel}","templated":true}]}}