{"id":780,"date":"2024-06-22T10:05:33","date_gmt":"2024-06-22T13:05:33","guid":{"rendered":"https:\/\/www.ppt.fiocruz.br\/fiochagas\/?p=780"},"modified":"2024-06-22T10:05:33","modified_gmt":"2024-06-22T13:05:33","slug":"iii-reuniao-dos-grupos-tecnicos-em-doenca-de-chagas-do-brasil","status":"publish","type":"post","link":"https:\/\/ppt.fiocruz.br\/fiochagas\/iii-reuniao-dos-grupos-tecnicos-em-doenca-de-chagas-do-brasil\/","title":{"rendered":"III Reuni\u00e3o dos Grupos T\u00e9cnicos em Doen\u00e7a de Chagas do Brasil"},"content":{"rendered":"\n<p class=\"wp-block-paragraph\">O Programa de Pesquisa Translacional em Doen\u00e7a de Chagas (Fio-Chagas), da Funda\u00e7\u00e3o Oswaldo Cruz, em parceria com o Grupo T\u00e9cnico em Doen\u00e7a de Chagas da Secretaria de Vigil\u00e2ncia em Sa\u00fade e Meio Ambiente, do Minist\u00e9rio da Sa\u00fade organizou no dia 18 de Junho de 2024 o evento &#8220;III Reuni\u00e3o Anual dos Grupos T\u00e9cnicos em Doen\u00e7a de Chagas do Brasil&#8221; com o objetivo de compartilhar experi\u00eancias entre os estados do pa\u00eds no combate \u00e0 doen\u00e7a de Chagas em uma discuss\u00e3o abrangente no tema &#8220;Uma s\u00f3 Sa\u00fade&#8221;.<\/p>\n\n\n\n<p class=\"wp-block-paragraph\">O evento contou com a participa\u00e7\u00e3o das palestrantes Natiela Oliveira (GT \u2013 Uma s\u00f3 sa\u00fade MS) que abordou as \u201cPerspectivas do Minist\u00e9rio da Sa\u00fade na implementa\u00e7\u00e3o da abordagem de uma s\u00f3 sa\u00fade\u201d e da Eliana Amorim de Souza (UFB) que abordou \u201cVigil\u00e2ncia em perspectivas de uma s\u00f3 sa\u00fade: Experi\u00eancia em territ\u00f3rios do Projeto Integra Chagas Brasil.\u201d<\/p>\n\n\n\n<p class=\"wp-block-paragraph\">Tamb\u00e9m foi realizado uma troca de experi\u00eancias entre as Secretarias Estaduais de Sa\u00fade (SES), onde houve a participa\u00e7\u00e3o da An\u00e1lia Celencina Fagundes Gomes (SES-TO); Claudia Bezerra Mendon\u00e7a (SES-CE); Cleonara Bedin (SES-RS) e Monique Pinheiro Maia Silva (SES-MA), onde cada secret\u00e1ria apresentou as experiencias e desafios da Doen\u00e7a de Chagas nos seus Estados, tornando as discuss\u00f5es ainda mais enriquecedoras.<\/p>\n\n\n\n<p class=\"wp-block-paragraph\">Confira o evento abaixo transmitido pelo Youtube.<\/p>\n\n\n\n<figure class=\"wp-block-embed is-type-video is-provider-youtube wp-block-embed-youtube wp-embed-aspect-16-9 wp-has-aspect-ratio\"><div class=\"wp-block-embed__wrapper\">\n<iframe loading=\"lazy\" title=\"III Reuni\u00e3o dos Grupos T\u00e9cnicos em Doen\u00e7a de Chagas do Brasil\" width=\"1170\" height=\"658\" src=\"https:\/\/www.youtube.com\/embed\/fvkB81YBnyA?feature=oembed\" frameborder=\"0\" allow=\"accelerometer; autoplay; clipboard-write; encrypted-media; gyroscope; picture-in-picture; web-share\" referrerpolicy=\"strict-origin-when-cross-origin\" allowfullscreen><\/iframe>\n<\/div><\/figure>\n","protected":false},"excerpt":{"rendered":"<p>O Programa de Pesquisa Translacional em Doen\u00e7a de Chagas (Fio-Chagas), da Funda\u00e7\u00e3o Oswaldo Cruz, em parceria com o Grupo T\u00e9cnico [&hellip;]<\/p>\n","protected":false},"author":3,"featured_media":787,"comment_status":"closed","ping_status":"closed","sticky":false,"template":"","format":"standard","meta":{"footnotes":""},"categories":[17],"tags":[],"class_list":["post-780","post","type-post","status-publish","format-standard","has-post-thumbnail","hentry","category-noticias"],"_links":{"self":[{"href":"https:\/\/ppt.fiocruz.br\/fiochagas\/wp-json\/wp\/v2\/posts\/780","targetHints":{"allow":["GET"]}}],"collection":[{"href":"https:\/\/ppt.fiocruz.br\/fiochagas\/wp-json\/wp\/v2\/posts"}],"about":[{"href":"https:\/\/ppt.fiocruz.br\/fiochagas\/wp-json\/wp\/v2\/types\/post"}],"author":[{"embeddable":true,"href":"https:\/\/ppt.fiocruz.br\/fiochagas\/wp-json\/wp\/v2\/users\/3"}],"replies":[{"embeddable":true,"href":"https:\/\/ppt.fiocruz.br\/fiochagas\/wp-json\/wp\/v2\/comments?post=780"}],"version-history":[{"count":0,"href":"https:\/\/ppt.fiocruz.br\/fiochagas\/wp-json\/wp\/v2\/posts\/780\/revisions"}],"wp:featuredmedia":[{"embeddable":true,"href":"https:\/\/ppt.fiocruz.br\/fiochagas\/wp-json\/wp\/v2\/media\/787"}],"wp:attachment":[{"href":"https:\/\/ppt.fiocruz.br\/fiochagas\/wp-json\/wp\/v2\/media?parent=780"}],"wp:term":[{"taxonomy":"category","embeddable":true,"href":"https:\/\/ppt.fiocruz.br\/fiochagas\/wp-json\/wp\/v2\/categories?post=780"},{"taxonomy":"post_tag","embeddable":true,"href":"https:\/\/ppt.fiocruz.br\/fiochagas\/wp-json\/wp\/v2\/tags?post=780"}],"curies":[{"name":"wp","href":"https:\/\/api.w.org\/{rel}","templated":true}]}}